{"id":672,"date":"2024-09-26T14:03:32","date_gmt":"2024-09-26T11:03:32","guid":{"rendered":"https:\/\/ssmr.cunbm.utcluj.ro\/?p=672"},"modified":"2024-09-27T11:30:22","modified_gmt":"2024-09-27T08:30:22","slug":"tabara-judeteana-concurs-pentru-elevii-olimpici-la-matematica","status":"publish","type":"post","link":"https:\/\/ssmr.cunbm.utcluj.ro\/index.php\/2024\/09\/26\/tabara-judeteana-concurs-pentru-elevii-olimpici-la-matematica\/","title":{"rendered":"Tab\u0103ra Jude\u021bean\u0103-Concurs pentru elevii olimpici la matematic\u0103"},"content":{"rendered":"\n<p>\u00cen perioada &nbsp;1 septembrie \u2013 9 septembrie 2024, a avut loc \u00een jude\u021bul Maramure\u0219 Tab\u0103ra Jude\u021bean\u0103-Concurs pentru elevii olimpici la matematic\u0103, edi\u021bia a XIV-a, desf\u0103\u0219urat\u0103 la Liceului Teoretic \u201e<em>Petru Rare\u0219<\/em>\u201d T\u00e2rgu L\u0103pu\u0219.<\/p>\n\n\n\n<p>Evenimentul a fost organizat de c\u0103tre Liceul Teoretic \u201dPetru Rare\u0219\u201d T\u00e2rgu L\u0103pu\u0219 \u00een parteneriat cu Inspectoratul \u0218colar Jude\u021bean Maramure\u0219, Consiliul Jude\u021bean Maramure\u0219, Filiala Maramure\u0219 a Societ\u0103\u021bii de \u0218tiin\u021be Matematice din Rom\u00e2nia, Prim\u0103ria T\u00e2rgu L\u0103pu\u0219 \u0219i Consiliul Local T\u00e2rgu L\u0103pu\u0219.<\/p>\n\n\n\n<hr class=\"wp-block-separator has-alpha-channel-opacity\"\/>\n\n\n\n<h2 class=\"wp-block-heading\">Lista premian\u021bilor<\/h2>\n\n\n\n<h3 class=\"wp-block-heading\">Clasa a VI-a<\/h3>\n\n\n\n<p><strong>Premiul de Excelen\u021b\u0103:<\/strong> <em>Buda Anastasia Sara<\/em>, Colegiul Na\u021bional \u201eGheorghe \u0218incai\u201d Baia Mare<\/p>\n\n\n\n<p><strong>Premiul I:<\/strong> <em>C\u0103l\u0103uz Cezar<\/em>, Colegiul Na\u021bional \u201eGheorghe \u0218incai\u201d Baia Mare; <em>Rusu Miruna<\/em>, Colegiul Na\u021bional \u201eVasile Lucaciu\u201d Baia Mare<\/p>\n\n\n\n<p><strong>Premiul II:<\/strong> <em>Chira Alec, <\/em>Colegiul Na\u021bional \u201eGheorghe \u0218incai\u201d Baia Mare<\/p>\n\n\n\n<p><strong>Premiul III:<\/strong> <em>Molnar Noemi<\/em>, Liceul Teoretic \u201ePetru Rares\u201d T\u00e2rgu Lapu\u0219<\/p>\n\n\n\n<h3 class=\"wp-block-heading\">Clasa a VII-a<\/h3>\n\n\n\n<p><strong>Premiul de Excelen\u021b\u0103:<\/strong> <em>Butean Maria<\/em>, Colegiul Na\u021bional \u201eVasile Lucaciu\u201d Baia Mare<\/p>\n\n\n\n<p><strong>Premiul I:<\/strong> <em>Giurgiu \u0218tefan Adrian<\/em>, Colegiul Na\u021bional \u201eVasile Lucaciu\u201d Baia Mare<\/p>\n\n\n\n<p><strong>Premiul II:<\/strong> <em>Paul Matei David, <\/em>Colegiul Na\u021bional \u201eVasile Lucaciu\u201d Baia Mare<\/p>\n\n\n\n<p><strong>Premiul III:<\/strong> <em>Fodor Mihai<\/em>, Colegiul Na\u021bional \u201eGheorghe \u0218incai\u201d Baia Mare<\/p>\n\n\n\n<h3 class=\"wp-block-heading\">Clasa a VIII-a<\/h3>\n\n\n\n<p><strong>Premiul de Excelen\u021b\u0103:<\/strong> <em>Hotea David<\/em>, Colegiul Na\u021bional \u201eGheorghe \u0218incai\u201d Baia Mare<\/p>\n\n\n\n<p><strong>Premiul I:<\/strong> <em>Rus-Bucur Ariana Cezara<\/em>, Colegiul Na\u021bional \u201eGheorghe \u0218incai\u201d Baia Mare<\/p>\n\n\n\n<p><strong>Premiul II:<\/strong> <em>Zlampare\u021b David, <\/em>Colegiul Na\u021bional \u201eGheorghe \u0218incai\u201d Baia Mare<\/p>\n\n\n\n<p><strong>Premiul III:<\/strong> <em>Vanciu Alexandru-Ionu\u021b<\/em>, Colegiul Na\u021bional \u201eVasile Lucaciu\u201d Baia Mare<\/p>\n\n\n\n<h3 class=\"wp-block-heading\">Clasa a IX-a<\/h3>\n\n\n\n<p><strong>Premiul de Excelen\u021b\u0103:<\/strong> <em>Chira Luca Cristian<\/em>, Colegiul Na\u021bional \u201eGheorghe \u0218incai\u201d Baia Mare<\/p>\n\n\n\n<p><strong>Premiul I:<\/strong> <em>V\u0103lean David Norbert<\/em>, Colegiul Na\u021bional \u201eGheorghe \u0218incai\u201d Baia Mare<\/p>\n\n\n\n<p><strong>Premiul II:<\/strong> <em>Cri\u0219an Luca<\/em>, Colegiul Na\u021bional \u201eVasile Lucaciu\u201d Baia Mare<\/p>\n\n\n\n<p><strong>Premiul III:<\/strong> <em>Topan Luca<\/em>, Colegiul Na\u021bional \u201eVasile Lucaciu\u201d Baia Mare<\/p>\n\n\n\n<h3 class=\"wp-block-heading\">Clasa a X-a<\/h3>\n\n\n\n<p><strong>Premiul de Excelen\u021b\u0103:<\/strong> <em>Pop-S\u0103van Carla<\/em>, Colegiul Na\u021bional \u201eVasile Lucaciu\u201d Baia Mare<\/p>\n\n\n\n<p><strong>Premiul I:<\/strong> <em>Laz\u0103r David<\/em>, Colegiul Na\u021bional \u201eGheorghe \u0218incai\u201d Baia Mare<\/p>\n\n\n\n<p><strong>Premiul II:<\/strong> <em>Buhan Darius Matei, <\/em>Colegiul Na\u021bional \u201eVasile Lucaciu\u201d Baia Mare<\/p>\n\n\n\n<p><strong>Premiul III:<\/strong> <em>Cionca M\u0103d\u0103lina<\/em>, Colegiul Na\u021bional \u201eVasile Lucaciu\u201d Baia Mare<\/p>\n\n\n\n<h3 class=\"wp-block-heading\">Clasa a XI-a<\/h3>\n\n\n\n<p><strong>Premiul de Excelen\u021b\u0103:<\/strong> <em>Drago\u0219 Victor<\/em>, Colegiul Na\u021bional \u201eVasile Lucaciu\u201d Baia Mare<\/p>\n\n\n\n<p><strong>Premiul I:<\/strong> <em>Rad Solomon-Marcus<\/em>, Liceul Teoretic \u201eBogdan Vod\u0103\u201d Vi\u0219eu de Sus<\/p>\n\n\n\n<p><strong>Premiul II:<\/strong> <em>Pop Cristian Vasile, <\/em>Colegiul Na\u021bional \u201eDrago\u0219 Vod\u0103\u201d Sighetu Marma\u021biei<\/p>\n\n\n\n<p><strong>Premiul III:<\/strong> <em>Zetea Gabriel-C\u0103t\u0103lin<\/em>, Colegiul Na\u021bional \u201eDrago\u0219 Vod\u0103\u201d Sighetu Marma\u021biei<\/p>\n\n\n\n<h3 class=\"wp-block-heading\">Clasa a XII-a<\/h3>\n\n\n\n<p><strong>Premiul de Excelen\u021b\u0103:<\/strong> <em>Nan Iulia-Anamaria<\/em>, Colegiul Na\u021bional \u201eGheorghe \u0218incai\u201d Baia Mare<\/p>\n\n\n\n<p><strong>Premiul I:<\/strong> <em>Tama\u0219 Andrei Thomas<\/em>, Colegiul Na\u021bional \u201eGheorghe \u0218incai\u201d Baia Mare<\/p>\n\n\n\n<p><strong>Premiul II:<\/strong> <em>Pop Tudor, <\/em>Colegiul Na\u021bional \u201eVasile Lucaciu\u201d Baia Mare<\/p>\n\n\n\n<hr class=\"wp-block-separator has-alpha-channel-opacity\"\/>\n\n\n\n<h2 class=\"wp-block-heading\">Subiecte<\/h2>\n\n\n\n<p><strong>Clasa a VI-a<\/strong> (<a href=\"https:\/\/ssmr.cunbm.utcluj.ro\/wp-content\/uploads\/2024\/09\/Tabara_2024_judeteana_clasa_06.pdf\" target=\"_blank\" rel=\"noopener\" title=\"Tabara_2024_judeteana_clasa_06\">subiect&amp;barem<\/a>)<\/p>\n\n\n\n<p><strong>Clasa a VII-a<\/strong> (<a href=\"https:\/\/ssmr.cunbm.utcluj.ro\/wp-content\/uploads\/2024\/09\/Tabara_2024_judeteana_clasa_07.pdf\" target=\"_blank\" rel=\"noopener\" title=\"Tabara_2024_judeteana_clasa_07\">subiect&amp;barem<\/a>)<\/p>\n\n\n\n<p><strong>Clasa a VIII-a<\/strong> (<a href=\"https:\/\/ssmr.cunbm.utcluj.ro\/wp-content\/uploads\/2024\/09\/Tabara_2024_judeteana_clasa_08.pdf\" title=\"Tabara_2024_judeteana_clasa_08\">subiect&amp;barem<\/a>)<\/p>\n\n\n\n<p><strong>Clasa a IX-a<\/strong> (<a href=\"https:\/\/ssmr.cunbm.utcluj.ro\/wp-content\/uploads\/2024\/09\/Tabara_2024_judeteana_clasa_09.pdf\" target=\"_blank\" rel=\"noopener\" title=\"Tabara_2024_judeteana_clasa_09\">subiect&amp;barem<\/a>)<\/p>\n\n\n\n<p><strong>Clasa a X-a<\/strong> (<a href=\"https:\/\/ssmr.cunbm.utcluj.ro\/wp-content\/uploads\/2024\/09\/Tabara_2024_judeteana_clasa_10.pdf\" target=\"_blank\" rel=\"noopener\" title=\"Tabara_2024_judeteana_clasa_10\">subiect&amp;barem<\/a>)<\/p>\n\n\n\n<p><strong>Clasa a XI-a<\/strong> (<a href=\"https:\/\/ssmr.cunbm.utcluj.ro\/wp-content\/uploads\/2024\/09\/Tabara_2024_judeteana_clasa_11.pdf\" target=\"_blank\" rel=\"noopener\" title=\"Tabara_2024_judeteana_clasa_11\">subiect&amp;barem<\/a>)<\/p>\n\n\n\n<p><strong>Clasa a XII-a<\/strong> (<a href=\"https:\/\/ssmr.cunbm.utcluj.ro\/wp-content\/uploads\/2024\/09\/Tabara_2024_judeteana_clasa_12.pdf\" target=\"_blank\" rel=\"noopener\" title=\"Tabara_2024_judeteana_clasa_12\">subiect&amp;barem<\/a>)<\/p>\n\n\n\n<hr class=\"wp-block-separator has-alpha-channel-opacity\"\/>\n\n\n\n<p>Imaginea \u00een mass-media <a href=\"https:\/\/maramuresonline.ro\/la-targu-lapus-s-a-deschis-tabara-judeteana-concurs-pentru-elevii-olimpici-la-matematica\/#:~:text=Tab%C4%83ra%20se%20desf%C4%83%C8%99oar%C4%83%20%C3%AEn%20perioada%2001-07%20septembrie%20reunind,la%20Etapa%20Jude%C8%9Bean%C4%83%20a%20Olimpiadei%20Na%C8%9Bionale%20de%20Matematic%C4%83.\" target=\"_blank\" rel=\"noopener\" title=\"\">link1<\/a> <a href=\"https:\/\/www.facebook.com\/share\/p\/zthHbRhLcVtmRhcd\/\" target=\"_blank\" rel=\"noopener\" title=\"\">link2<\/a> <a href=\"https:\/\/www.facebook.com\/share\/p\/rYf1UEN5TS1xiDX7\/\" target=\"_blank\" rel=\"noopener\" title=\"\">link3<\/a><\/p>\n\n\n\n<p><\/p>\n","protected":false},"excerpt":{"rendered":"<p>\u00cen perioada &nbsp;1 septembrie \u2013 9 septembrie 2024, a avut loc \u00een jude\u021bul Maramure\u0219 Tab\u0103ra Jude\u021bean\u0103-Concurs pentru elevii olimpici la matematic\u0103, edi\u021bia a XIV-a, desf\u0103\u0219urat\u0103 la&#46;&#46;&#46;<\/p>\n","protected":false},"author":1,"featured_media":0,"comment_status":"open","ping_status":"open","sticky":false,"template":"","format":"standard","meta":{"ngg_post_thumbnail":0,"footnotes":""},"categories":[1],"tags":[],"class_list":["post-672","post","type-post","status-publish","format-standard","hentry","category-uncategorized"],"aioseo_notices":[],"_links":{"self":[{"href":"https:\/\/ssmr.cunbm.utcluj.ro\/index.php\/wp-json\/wp\/v2\/posts\/672","targetHints":{"allow":["GET"]}}],"collection":[{"href":"https:\/\/ssmr.cunbm.utcluj.ro\/index.php\/wp-json\/wp\/v2\/posts"}],"about":[{"href":"https:\/\/ssmr.cunbm.utcluj.ro\/index.php\/wp-json\/wp\/v2\/types\/post"}],"author":[{"embeddable":true,"href":"https:\/\/ssmr.cunbm.utcluj.ro\/index.php\/wp-json\/wp\/v2\/users\/1"}],"replies":[{"embeddable":true,"href":"https:\/\/ssmr.cunbm.utcluj.ro\/index.php\/wp-json\/wp\/v2\/comments?post=672"}],"version-history":[{"count":9,"href":"https:\/\/ssmr.cunbm.utcluj.ro\/index.php\/wp-json\/wp\/v2\/posts\/672\/revisions"}],"predecessor-version":[{"id":694,"href":"https:\/\/ssmr.cunbm.utcluj.ro\/index.php\/wp-json\/wp\/v2\/posts\/672\/revisions\/694"}],"wp:attachment":[{"href":"https:\/\/ssmr.cunbm.utcluj.ro\/index.php\/wp-json\/wp\/v2\/media?parent=672"}],"wp:term":[{"taxonomy":"category","embeddable":true,"href":"https:\/\/ssmr.cunbm.utcluj.ro\/index.php\/wp-json\/wp\/v2\/categories?post=672"},{"taxonomy":"post_tag","embeddable":true,"href":"https:\/\/ssmr.cunbm.utcluj.ro\/index.php\/wp-json\/wp\/v2\/tags?post=672"}],"curies":[{"name":"wp","href":"https:\/\/api.w.org\/{rel}","templated":true}]}}