{"id":723,"date":"2024-11-16T16:20:49","date_gmt":"2024-11-16T14:20:49","guid":{"rendered":"https:\/\/ssmr.cunbm.utcluj.ro\/?p=723"},"modified":"2024-11-16T20:25:39","modified_gmt":"2024-11-16T18:25:39","slug":"concursul-de-matematica-prin-labirintul-matematicii-2024","status":"publish","type":"post","link":"https:\/\/ssmr.cunbm.utcluj.ro\/index.php\/2024\/11\/16\/concursul-de-matematica-prin-labirintul-matematicii-2024\/","title":{"rendered":"Concursul de Matematic\u0103 \u201dPrin labirintul matematicii\u201d \u2013 2024"},"content":{"rendered":"\n<p>A XVII-a edi\u021bie a Concursului regional de matematic\u0103 \u201ePrin labirintul matematicii\u201d s-a desf\u0103\u0219urat la Colegiul Na\u021bional \u201eVasile Lucaciu\u201d din Baia Mare \u00een perioada 8-10 noiembrie 2024. Concursul regional de matematic\u0103 \u201ePrin labirintul matematicii\u201d este organizat de c\u0103tre Colegiul Na\u021bional \u201eVasile Lucaciu\u201d din Baia Mare, \u00een parteneriat cu Inspectoratul \u0218colar Jude\u021ben Maramure\u0219, Societatea de \u0218tiin\u021be Matematice din Rom\u00e2nia &#8211; Filiala Maramure\u0219 \u0219i Consiliul Jude\u021bean Maramure\u0219. La concurs au participat 432 de elevi \u00eempreun\u0103 cu o echip\u0103 de cca. 80 de cadre didactice.<\/p>\n\n\n\n<hr class=\"wp-block-separator has-alpha-channel-opacity\"\/>\n\n\n\n<h2 class=\"wp-block-heading\">Premiul \u201dIona Zelina\u201d &#8211; 2024<\/h2>\n\n\n\n<p><em>Drago\u0219 Victor<\/em>, profesor coordonator <em>Gabriela Boroica<\/em>, Colegiul Na\u021bional \u201eVasile Lucaciu&#8221;, Baia Mare<\/p>\n\n\n\n<hr class=\"wp-block-separator has-alpha-channel-opacity\"\/>\n\n\n\n<h1 class=\"wp-block-heading\">Premian\u021bi<\/h1>\n\n\n\n<h2 class=\"wp-block-heading\">Clasa a IV-a<\/h2>\n\n\n\n<p><strong>Premiul I<\/strong><br><em>Ropan Alexandru<\/em>, \u0218coala Gimnazial\u0103 ,,Lucian Blaga\u201d, Baia Mare<br><strong>Premiul II<\/strong><br><em>Pante Drago\u0219<\/em>, \u0218coala Gimnazial\u0103 ,,George Co\u0219buc\u201d, Baia Mare<br><strong>Premiul III<\/strong><br><em>Pauliuc Maria<\/em>, \u0218coala Gimnazial\u0103 \u201cDimitrie Cantemir\u201d, Baia Mare<br><strong>Men\u021biune<\/strong><br><em>Laz\u0103r \u0218imon Sebastian<\/em>, \u0218coala Gimnazial\u0103 ,,George Co\u0219buc\u201d, Baia Mare<br><em>Istovan Adelina<\/em>, \u0218coala Gimnazial\u0103 ,,George Co\u0219buc\u201d, Baia Mare<br><em>Uif\u0103lean Eva<\/em>, \u1e62coala Gimnazial\u0103 \u201eEuropa\u201d, T\u00e2rgu Mure\u0219<br><strong>Men\u021biune Special\u0103<\/strong><br><em>Boanc\u0103 Ivan Albert<\/em>, \u1e62coala Gimnazial\u0103 \u201eEuropa\u201d, T\u00e2rgu Mure\u0219<br><em>Raus Drago\u0219<\/em>, \u0218coala Gimnazial\u0103 \u201cDimitrie Cantemir\u201d, Baia Mare<br><em>Tocil\u0103 Anton<\/em>, \u0218coala Gimnazial\u0103 \u201cDimitrie Cantemir\u201d, Baia Mare<br><em>Va\u0219vari Nicoleta<\/em>, \u0218coala Gimnazial\u0103 ,,George Co\u0219buc\u201d, Baia Mare<br><em>Ciornea Anastasia<\/em>, \u015ecoala Gimnazial\u0103 \u201eNicolae Iorga\u201d, Baia Mare<br><em>Moldovan M\u0103d\u0103lina Antonia<\/em>, \u0218coala Gimnazial\u0103 \u201eAlexandru Ioan Cuza\u201d, Baia Mare<br><em>Mihali Lorena<\/em>, \u0218coala Gimnazial\u0103 \u201cDimitrie Cantemir\u201d, Baia Mare<br><em>Turc Mihai<\/em>, \u0218coala Gimnazial\u0103 \u201cDimitrie Cantemir\u201d, Baia Mare<br><em>Duma Karla<\/em>, \u1e62coala Gimnazial\u00e3 \u201eNichita St\u0103nescu\u201d, Baia Mare<br><em>Molcsan Antonia Maria<\/em>, \u0218coala Gimnazial\u0103 ,,George Co\u0219buc\u201d, Baia Mare<br><em>Abrihan Mihai<\/em>, \u1e62coala Gimnazial\u00e3 \u201eNichita St\u0103nescu\u201d, Baia Mare<br><em>Drule Alexandru Sebastian<\/em>, \u0218coala Gimnazial\u0103 \u201eAlexandru Ioan Cuza\u201d Baia Mare<br><em>Buduru Alexandra<\/em>, \u1e62coala Gimnazial\u00e3 \u201eNichita St\u0103nescu\u201d, Baia Mare<br><em>T\u0103m\u0103\u0219an Tudor<\/em>, \u0218coala Gimnazial\u0103 ,,George Co\u0219buc\u201d, Baia Mare<\/p>\n\n\n\n<h2 class=\"wp-block-heading\">Clasa a V-a<\/h2>\n\n\n\n<p><strong>Premiul I<\/strong><br><em>Flu\u021bar Matei<\/em>, Colegiul Na\u021bional \u201eGheorghe \u0218incai&#8221;, Baia Mare<br><strong>Premiul II<\/strong><br><em>Petru\u0219 Andrei<\/em>, Colegiul Na\u021bional \u201eMihai Eminescu\u201d, Satu Mare<br><strong>Premiul III<\/strong><br><em>Mari\u0219 \u0218erban<\/em>, Colegiul Na\u021bional \u201eGheorghe \u0218incai&#8221;, Baia Mare<br><strong>Men\u021biune<\/strong><br><em>Sulea Miruna Sofia<\/em>, Colegiul Na\u021bional \u201eIoan Slavici\u201d, Satu Mare<br><em>Mo\u0219 Cristian<\/em>, Colegiul Na\u021bional \u201eGheorghe \u0218incai&#8221;, Baia Mare<br><em>Verde\u0219 Mara<\/em>, Colegiul Na\u021bional \u201eGheorghe \u0218incai&#8221;, Baia Mare<br><strong>Men\u021biune Special\u0103<\/strong><br><em>H\u0103prian Tudor-Mihai<\/em>, Colegiul Na\u021bional \u201eMihai Eminescu\u201d, Satu Mare<br><em>Boil\u0103 Miruna<\/em>, Colegiul Na\u021bional \u201eVasile Lucaciu&#8221;, Baia Mare<br><em>Dan Mara Denisa<\/em>, Colegiul Na\u021bional \u201eGheorghe \u0218incai&#8221;, Baia Mare<br><em>Babici Matei<\/em>, Colegiul Na\u021bional \u201eVasile Lucaciu&#8221;, Baia Mare<br><em>Boti\u0219 \u0218tefan<\/em>, Colegiul Na\u021bional \u201eGheorghe \u0218incai&#8221;, Baia Mare<br><em>Morar Iulia-Antonia<\/em>, Colegiul Na\u0163ional \u201eEmanuil Gojdu&#8221;, Oradea<br><em>Pop Popescu Andra<\/em>, Colegiul Na\u021bional \u201eGheorghe \u0218incai&#8221;, Baia Mare<br><em>Onci S.M. Cristian<\/em>, Colegiul Na\u021bional \u201eMihai Eminescu\u201d, Satu Mare<br><em>Vollner A. Antonia<\/em>, C.N.P. \u201eRegele Ferdinand&#8221;, Sighetu Marma\u021biei<br><em>Cr\u0103ciun Rare\u0219-Andrei<\/em>, Colegiul Na\u0163ional \u201eEmanuil Gojdu&#8221;, Oradea<br><em>Manu Doru-Aurel<\/em>, Lic.Teor. \u201ePetru Rare\u0219\u201d, Tg. L\u0103pu\u0219<br><em>Misner Andrei<\/em>, Colegiul Na\u021bional \u201eGheorghe \u0218incai&#8221;, Baia Mare<br><em>Turcitu Tudor<\/em>, Colegiul Na\u021bional \u201eVasile Lucaciu&#8221;, Baia Mare<br><em>Bobi\u021b\u0103 V. Casian<\/em>, Colegiul Na\u021bional \u201eMihai Eminescu\u201d, Satu Mare<br><em>Horotan Catinca Miruna<\/em>, Colegiul Na\u021bional \u201eIoan Slavici\u201d, Satu Mare<br><em>Oni\u0219e Bogdan Ionu\u021b<\/em>, \u0218coala Gimnazial\u0103 \u201eAlexandru Ioan Cuza\u201d, Baia Mare<br><em>Rad David Cristian<\/em>, Colegiul Na\u021bional \u201eVasile Lucaciu&#8221;, Baia Mare<br><em>Mihalca Petrule David Martin<\/em>, Colegiul Na\u021bional \u201eGheorghe \u0218incai&#8221;, Baia Mare<br><em>Butuza Dan<\/em>, Colegiul Na\u021bional \u201eGheorghe \u0218incai&#8221;, Baia Mare<br><em>Mure\u0219an Ioana<\/em>, Colegiul Na\u021bional \u201eVasile Lucaciu&#8221;, Baia Mare<br><em>Zoica\u0219 Ianis Luca<\/em>, Colegiul Na\u021bional \u201eGheorghe \u0218incai&#8221;, Baia Mare<br><em>Ani\u021ba\u0219 Maria<\/em>, Colegiul Na\u021bional \u201eVasile Lucaciu&#8221;, Baia Mare<br><em>Ardelean Diana Teodora<\/em>, \u0218coala Gimnazial\u0103 Nr. 11, Oradea<br><em>Bud Maia-Ioana<\/em>, Lic.Teor. \u201ePetru Rare\u0219\u201d, Tg. L\u0103pu\u0219<br><em>Haidu Luca Alexandru<\/em>, \u015ecoala Gimnazial\u0103 \u201eGeorge Co\u015fbuc\u201d, Sighetu Marma\u0163iei<br><em>Andreica Cristiana<\/em>, Colegiul Na\u021bional \u201eVasile Lucaciu&#8221;, Baia Mare<br><em>Saraz Sophia Natalia<\/em>, Colegiul Na\u021bional \u201eVasile Lucaciu&#8221;, Baia Mare<br><em>Cheudan Raluca Andreea<\/em>, Colegiul Na\u021bional \u201eVasile Lucaciu&#8221;, Baia Mare<br><em>Vele Violeta-Diana<\/em>, Lic.Teor. \u201ePetru Rare\u0219\u201d, Tg. L\u0103pu\u0219<br><em>Pop Sarah Jessica<\/em>, \u015ecoala Gimnazial\u0103 \u201eGrigore Sila\u0219i&#8221;, Beclean<\/p>\n\n\n\n<h2 class=\"wp-block-heading\">Clasa a VI-a<\/h2>\n\n\n\n<p><strong>Premiul I<\/strong><br><em>Chira Alec<\/em>, Colegiul Na\u021bional \u201eGheorghe \u0218incai&#8221;, Baia Mare<br><strong>Premiul II<\/strong><br><em>Ilie\u0219 Andrei<\/em>, \u0218coala Gimnazial\u0103 \u201eTudor Vladimirescu&#8221;, T\u00e2rgu Mure\u0219<br><strong>Premiul III<\/strong><br><em>Rusu Miruna<\/em>, Colegiul Na\u021bional \u201eVasile Lucaciu&#8221;, Baia Mare<br><strong>Men\u021biune<\/strong><br><em>C\u0103l\u0103uz Cezar<\/em>, Colegiul Na\u021bional \u201eGheorghe \u0218incai&#8221;, Baia Mare<br><em>Secan Miruna Cezara<\/em>, Colegiul Na\u021bional \u201eMihai Eminescu\u201d, Satu Mare<br><em>Petridean Andrei Sava<\/em>, Colegiul Na\u021bional \u201eEmil Racovi\u021b\u0103\u201d, Cluj-Napoca<br><strong>Men\u021biune Special\u0103<\/strong><br><em>Feciche M\u0103lina<\/em>, Colegiul Na\u0163ional \u201eEmanuil Gojdu&#8221;, Oradea<br><em>Buda Anastasia Sara<\/em>, Colegiul Na\u021bional \u201eGheorghe \u0218incai&#8221;, Baia Mare<br><em>Gherlea Darina Sorina<\/em>, Liceul Teoretic \u201eConstantin \u0218erban\u201d Ale\u015fd<br><em>Bretan F.C. Alesia-Maria<\/em>, Colegiul Na\u021bional \u201eMihai Eminescu\u201d Satu Mare<br><em>Maier Alexandru-Sever<\/em>, Colegiul Na\u021bional \u201eIoan Slavici\u201d, Satu Mare<br><em>Vischi Dominic<\/em>, Colegiul Na\u021bional \u201eGheorghe \u0218incai&#8221;, Baia Mare<br><em>Andreica Alisa Ioana<\/em>, Colegiul Na\u021bional \u201eVasile Lucaciu&#8221;, Baia Mare<br><em>Mete\u015f Alexandra Andreea<\/em>, Colegiul Na\u021bional \u201eVasile Lucaciu&#8221;, Baia Mare<br><em>Vulpescu Tudor<\/em>, Colegiul Na\u021bional \u201eGheorghe \u0218incai&#8221;, Baia Mare<br><em>Angel Rebecca-Alexandra<\/em>, Colegiul Na\u021bional \u201eIoan Slavici\u201d, Satu Mare<br><em>Boro\u0219 Darius-Mihai<\/em>, Colegiul Na\u0163ional \u201eEmanuil Gojdu&#8221;, Oradea<br><em>Breban Alexandra<\/em>, Colegiul Na\u021bional \u201eGheorghe \u0218incai&#8221;, Baia Mare<br><em>Breban R\u0103zvan<\/em>, Colegiul Na\u021bional \u201eGheorghe \u0218incai&#8221;, Baia Mare<br><em>Plop Mateo<\/em>, Colegiul Na\u021bional \u201eVasile Lucaciu&#8221;, Baia Mare<br><em>C\u00e2ndea Cezar Andrei<\/em>, Colegiul Na\u021bional \u201eGheorghe \u0218incai&#8221;, Baia Mare<br><em>Gr\u0103dinariu Petru<\/em>, \u0218coala Gimnazial\u0103 Nr. 7, Boto\u0219ani<br><em>Dobrican Mihai<\/em>, Colegiul Na\u021bional \u201eVasile Lucaciu&#8221;, Baia Mare<br><em>Muza\u015f Petru Alexandru<\/em>, Colegiul Na\u021bional \u201eVasile Lucaciu&#8221;, Baia Mare<br><em>R\u0103duceanu George<\/em>, Colegiul Na\u021bional \u201eGheorghe \u0218incai&#8221;, Baia Mare<br><em>Berinde David<\/em>, \u0218coala Gimnazial\u0103 Bude\u0219ti<br><em>Sasu Tudor R\u0103zvan<\/em>, Colegiul Na\u021bional \u201eMihai Eminescu\u201d Satu Mare<br><em>Maliarciuc David<\/em>, Colegiul Na\u021bional \u201eGheorghe \u0218incai&#8221;, Baia Mare<br><em>Matie\u0219 Mihai-Vasile<\/em>, Colegiul Na\u021bional \u201eSilvania\u201d, Zal\u0103u<br><em>Br\u00e2nzei Drago\u0219<\/em>, Colegiul Na\u021bional \u201eGheorghe \u0218incai&#8221;, Baia Mare<br><em>Marina Lucian Ionu\u021b<\/em>, Colegiul Na\u021bional \u201eMihai Eminescu\u201d Satu Mare<br><em>Mihe\u0163 Damian,<\/em> Colegiul Na\u021bional \u201eAl Papiu Ilarian&#8221;, T\u00e2rgu Mure\u0219<br><em>Roman \u0218tefan<\/em>, Colegiul Na\u021bional \u201eVasile Lucaciu&#8221;, Baia Mare<br><em>Mihai Silvia<\/em>, \u0218coala Gimnazial\u0103 \u201eElena Rare\u0219\u201d, Boto\u0219ani<br><em>Munteanu Anastasia<\/em>, \u0218coala Gimnazial\u0103 \u201eElena Rare\u0219\u201d Boto\u0219ani<br><em>Rus Tudor C\u0103lin<\/em>, Colegiul Na\u021bional \u201eVasile Lucaciu&#8221;, Baia Mare<br><em>Soponar David<\/em>, Colegiul Na\u021bional \u201eVasile Lucaciu&#8221;, Baia Mare<br><em>\u0218ichet Patric-Cristian<\/em>, Colegiul Na\u021bional \u201eMihai Eminescu\u201d Satu Mare<br><em>Dr\u0103gan Matei<\/em>, \u0218coala Profesional\u0103 F\u0103rca\u0219a<br><em>Sigheti Ania Maria<\/em>, Colegiul Na\u021bional \u201eGheorghe \u0218incai&#8221;, Baia Mare<br><em>Podin\u0103 Alex<\/em>, \u1e62coala Gimnazial\u00e3 \u201eNichita St\u0103nescu\u201d, Baia Mare<br><em>S\u0103l\u0103jan Robin<\/em>, Colegiul Na\u021bional \u201eGheorghe \u0218incai&#8221;, Baia Mare<br><em>Boroica Mario-David,<\/em> Colegiul Na\u0163ional \u201eDrago\u015f Vod\u0103&#8221;, Sighetu Marma\u021biei<br><em>Leo Ionela-Maria<\/em>, Lic. Teor. \u201ePetru Rare\u0219\u201d, Tg. L\u0103pu\u0219<br><em>Moldovan Giulia-Ioana<\/em>, Colegiul Na\u021bional \u201eVasile Lucaciu&#8221;, Baia Mare<br><em>Molnar Noemi<\/em>, Lic. Teor. \u201ePetru Rare\u0219\u201d, Tg. L\u0103pu\u0219<br><em>Ienciu Alexandru-Mihai<\/em>, Colegiul Na\u021bional \u201eVasile Lucaciu&#8221;, Baia Mare<br>I<em>gnat Victor<\/em>, \u0218coala Gimnazial\u0103 \u201eDimitrie Cantemir&#8221;, Baia Mare<br><em>Ardelean Ruben<\/em>, \u015ecoala Gimnazial\u0103 \u201eGeorge Co\u015fbuc\u201d, Sighetu Marma\u0163iei<br><em>Man Antonio-Cristian<\/em>, Lic. Tehn. \u201eGrigore C. Moisil\u201d, Tg. L\u0103pu\u0219<\/p>\n\n\n\n<h2 class=\"wp-block-heading\">Clasa a VII-a<\/h2>\n\n\n\n<p><strong>Premiul I<\/strong><br>Pi\u0219coran Alexander, Colegiul Na\u021bional \u201eVasile Lucaciu&#8221;, Baia Mare<br><em>Sacaciu Rare\u0219<\/em>, Colegiul Na\u021bional \u201eEmanuil Gojdu&#8221; Oradea<br><strong>Premiul II<\/strong><br><em>Fernea Diana<\/em>, Colegiul Na\u021bional \u201eEmanuil Gojdu&#8221; Oradea<br><strong>Premiul III<\/strong><br><em>Butean Maria<\/em>, Colegiul Na\u021bional \u201eVasile Lucaciu&#8221;, Baia Mare<br><strong>Men\u021biune<\/strong><br><em>N\u0103d\u0103\u0219an C. Alexandru<\/em>, Colegiul Na\u021bional \u201eMihai Eminescu\u201d, Satu Mare<br><em>Nistor David Ionu\u021b<\/em>, Colegiul Na\u021bional \u201eMihai Eminescu\u201d, Satu Mare<br><em>Tinca Mihaela<\/em>, \u0218coala Gimnazial\u0103 \u201eDacia&#8221;, T\u00e2rgu Mure\u0219<br><strong>Men\u021biune Special\u0103<\/strong><br><em>Giurgiu \u0218tefan<\/em>, Colegiul Na\u021bional \u201eVasile Lucaciu&#8221;, Baia Mare<br><em>Marchi\u0219 Ioan<\/em>, Colegiul Na\u021bional \u201eGheorghe \u0218incai&#8221;, Baia Mare<br><em>\u0218imf Tudor<\/em>, \u0218coala Gimnazial\u0103 \u201eLucian Blaga\u201d, Baia Mare<br><em>Paul Matei<\/em>, Colegiul Na\u021bional \u201eVasile Lucaciu&#8221;, Baia Mare<br><em>Pop Ioana<\/em>, \u0218coala Gimnazial\u0103 \u201eGeorge Co\u0219buc\u201d, Sighetu Marma\u0163iei<br><em>Fodor Mihai<\/em>, Colegiul Na\u021bional \u201eGheorghe \u0218incai&#8221;, Baia Mare<br><em>Mailat Diana<\/em>, \u0218coala Gimnazial\u0103 \u201eLiviu Rebreanu&#8221;, T\u00e2rgu Mure\u0219<br><em>Dorle Mihai David<\/em>, Colegiul Na\u021bional \u201eMihai Eminescu\u201d, Satu Mare<br><em>Gre\u021bie\u0219 Sara Maria<\/em>, \u0218coala Profesional\u0103 F\u0103rca\u0219a<br><em>Petru\u0219 R.G. \u0218erban<\/em>, Colegiul Na\u021bional \u201eMihai Eminescu\u201d, Satu Mare<br><em>S\u0103m\u0103rghi\u0163an Luca<\/em>, \u0218coala Gimnazial\u0103 \u201eDacia&#8221;, T\u00e2rgu Mure\u0219<br><em>\u0218erban Vlad Ioan<\/em>, \u0218coala Gimnazial\u0103 \u201eGrigore Sila\u0219i&#8221;, Beclean<br><em>Solomon Flaviu<\/em>, Colegiul Na\u021bional \u201eVasile Lucaciu&#8221;, Baia Mare<br><em>Pintea C\u0103t\u0103lin<\/em>, Colegiul Na\u021bional \u201eVasile Lucaciu&#8221;, Baia Mare<br><em>Goje Sara Teodora<\/em>, Colegiul Na\u021bional \u201eIoan Slavici\u201d, Satu Mare<br><em>Lep\u0103datu Iustin<\/em>, \u0218coala Gimnazial\u0103 Nr. 11 Boto\u0219ani<br><em>Morar Diana Maria<\/em>, Colegiul Na\u021bional \u201eAl Papiu Ilarian&#8221;, T\u00e2rgu Mure\u0219<br><em>Szasz David<\/em>, Colegiul Na\u021bional \u201eAl Papiu Ilarian&#8221;, T\u00e2rgu Mure\u0219<br><em>Bondici Teodora,<\/em> Colegiul Na\u021bional \u201eGheorghe \u0218incai&#8221;, Baia Mare<br><em>Man Tudor Andrei<\/em>, Colegiul Na\u021bional \u201eGheorghe \u0218incai&#8221;, Baia Mare<br><em>Meghi\u0219an-Juncu Teodor<\/em>, Colegiul Na\u021bional \u201eIoan Slavici\u201d, Satu Mare<br><em>Pa\u015fca Mihai<\/em>, Colegiul Na\u021bional \u201eAl Papiu Ilarian&#8221;, T\u00e2rgu Mure\u0219<br><em>Some\u015fan Maria<\/em>, Colegiul Na\u021bional \u201eAl Papiu Ilarian&#8221;, T\u00e2rgu Mure\u0219<br><em>\u0218pan Irina<\/em>, Colegiul Na\u021bional \u201eGheorghe \u0218incai&#8221;, Baia Mare<br><em>Berszan Tudor Sebastian<\/em>, \u015ecoala Gimnazial\u0103 \u201eGeorge Co\u015fbuc\u201d, Sighetu Marma\u0163iei<br><em>Mare Antonia,<\/em> Colegiul Na\u021bional \u201eGheorghe \u0218incai&#8221;, Baia Mare<br><em>Dicu David<\/em>, Colegiul Na\u021bional \u201eGheorghe \u0218incai&#8221;, Baia Mare<br><em>Mora David<\/em>, \u015ecoala Gimnazial\u0103 \u201eDacia&#8221;, T\u00e2rgu Mure\u0219<br><em>Munteanu Maria<\/em>, Colegiul Na\u021bional \u201eVasile Lucaciu&#8221;, Baia Mare<br><em>Nicoar\u0103 Tudor Ioan<\/em>, \u0218coala Gimnazial\u0103 \u201eGrigore Sila\u0219i&#8221;, Beclean<br><em>Pal Radu<\/em>, Colegiul Na\u021bional \u201eGheorghe \u0218incai&#8221;, Baia Mare<br><em>Rad C\u0103lin<\/em>, Colegiul Na\u021bional \u201eVasile Lucaciu&#8221;, Baia Mare<\/p>\n\n\n\n<h2 class=\"wp-block-heading\">Clasa a VIII-a<\/h2>\n\n\n\n<p><strong>Premiul I<\/strong><br><em>Ardelean Mihai Alexandru<\/em>, \u0218coala Gimnazial\u0103 Nr. 11 Oradea<br><strong>Premiul II<\/strong><br><em>Hotea David<\/em>, Colegiul Na\u021bional \u201eGheorghe \u0218incai&#8221;, Baia Mare<br><strong>Premiul III<\/strong><br><em>Vanciu Alexandru<\/em>, Colegiul Na\u021bional \u201eVasile Lucaciu&#8221;, Baia Mare<br><strong>Men\u021biune<\/strong><br><em>Zlampare\u021b David<\/em>, Colegiul Na\u021bional \u201eGheorghe \u0218incai&#8221;, Baia Mare<br><em>Neme\u015f Mihnea<\/em>, \u015ecoala Gimnazial\u0103 \u201eDacia&#8221;, T\u00e2rgu Mure\u0219<br><em>Cioar\u0103 Ilinca Maria<\/em>, Colegiul Na\u021bional \u201eEmanuil Gojdu&#8221;, Oradea<br><strong>Men\u021biune special\u0103<\/strong><br>Rus-Bucur Ariana Cezara, Colegiul Na\u021bional \u201eGheorghe \u0218incai&#8221;, Baia Mare<br><em>Fernea Andrei<\/em>, Colegiul Na\u021bional \u201eEmanuil Gojdu&#8221;, Oradea<br><em>Dumitru Adrian<\/em>, Colegiul Na\u021bional \u201eVasile Lucaciu&#8221;, Baia Mare<br><em>Mari\u0219cu Ioana<\/em>, \u0218coala Gimnazial\u0103 \u201eMihail Kog\u0103lniceanu\u201d, Dorohoi<br><em>Ciorba Ioana Maria<\/em>, Colegiul Na\u021bional \u201eGheorghe \u0218incai&#8221;, Baia Mare<br><em>Torok Br\u00e2ndu\u0219an Darius<\/em>, \u0218coala Gimnazial\u0103 \u201eGrigore Moisil&#8221;, Satu Mare<br><em>Pintea Flavia<\/em>, Colegiul Na\u021bional \u201eVasile Lucaciu&#8221;, Baia Mare<br><em>Fanea I. Adrian Ioan<\/em>, Colegiul Na\u021bional \u201eMihai Eminescu\u201d, Satu Mare<br><em>Petrea Luca<\/em>, \u015ecoala Gimnazial\u0103 \u201eDacia&#8221;, T\u00e2rgu Mure\u0219<br><em>Forai Mihaela-Elisa<\/em>, \u0218coala Profesional\u0103 T\u00e2rli\u0219ua<br><em>Cazacu Hofman Marian<\/em>, Colegiul Na\u021bional \u201eMihai Eminescu\u201d, Boto\u0219ani<br><em>Bobo\u0219an Iulia<\/em>, \u015ecoala Gimnazial\u0103 \u201eGeorge Co\u015fbuc\u201d, Sighetu Marma\u0163iei<br><em>Covaci Marisa<\/em>, Colegiul Na\u021bional \u201eVasile Lucaciu&#8221;, Baia Mare<br><em>Mihnea Sofia Maria<\/em>, \u015ecoala Gimnazial\u0103 \u201eGeorge Co\u015fbuc\u201d, Sighetu Marma\u0163iei<br><em>Onu\u021ban Rihanna Alexandra Maria<\/em>, Colegiul Na\u021bional \u201eSilvania\u201d, Zal\u0103u<br><em>Neme\u0219 Tudor<\/em>, Colegiul Na\u021bional \u201eVasile Lucaciu&#8221;, Baia Mare<br><em>Covaci Matei<\/em>, \u0218coala Gimnazial\u0103 \u201eGeorge Co\u0219buc\u201d, Baia Mare<br><em>D\u0103r\u0103ban Ianis<\/em>, \u0218coala Gimnazial\u0103 \u201eGeorge Co\u0219buc\u201d, Baia Mare<br><em>Revesz Matei David<\/em>, Colegiul Na\u021bional \u201eMihai Eminescu\u201d, Satu Mare<br><em>Moi\u0219 Alexandra<\/em>, Liceului Teoretic Negre\u0219ti-Oa\u0219<\/p>\n\n\n\n<h2 class=\"wp-block-heading\"><strong>Clasa a IX-a<\/strong><\/h2>\n\n\n\n<p><strong>Premiul I<\/strong><br><em>Cojocnean Rare\u0219<\/em>, Colegiul Na\u021bional \u201eAl Papiu Ilarian&#8221;, T\u00e2rgu Mure\u0219<br><em>Muth Cristian<\/em>, Liceul UMFST \u201eG.E.Palade\u201d, T\u00e2rgu Mure\u0219<br><em>Pi\u021bu Eduard<\/em>, Colegiul Na\u021bional &#8222;Horea, Clo\u0219ca \u0219i Cri\u0219an&#8221;, Alba-Iulia&nbsp;<br><strong>Premiul II<\/strong><br><em>Arteni C. Mihai<\/em>, Colegiul Na\u021bional \u201eMihai Eminescu\u201d, Satu Mare<br><strong>Premiul III<\/strong><br><em>Braica P.M. Rare\u0219 Petri\u0219or<\/em>, Colegiul Na\u021bional \u201eMihai Eminescu\u201d, Satu Mare<br><strong>Men\u021biune<\/strong><br><em>Chira Cristian Luca<\/em>, Colegiul Na\u021bional \u201eGheorghe \u0218incai&#8221;, Baia Mare<br><em>Pelle Drago\u015f Daniel<\/em>, Colegiul Na\u021bional \u201eEmanuil Gojdu&#8221;, Oradea<br><em>\u021aical\u0103 Silviu Mihai<\/em>, Colegiul Na\u021bional \u201eGheorghe \u0218incai&#8221;, Baia Mare<br><strong>Men\u021biune Special\u0103<\/strong><br><em>Sturza Tudor Lauren\u021biu<\/em>, Colegiul Na\u021bional \u201eGheorghe \u0218incai&#8221;, Baia Mare<br><em>Cmeciu Patricia<\/em>, Colegiul Na\u021bional \u201eEmanuil Gojdu&#8221;, Oradea<br><em>Cri\u0219an Luca<\/em>, Colegiul Na\u021bional \u201eVasile Lucaciu&#8221;, Baia Mare<br><em>Topan Luca<\/em>, Colegiul Na\u021bional \u201eVasile Lucaciu&#8221;, Baia Mare<br><em>Moroz Cristian-Andrei<\/em>, Colegiul Na\u021bional \u201eMihai Eminescu\u201d, Satu Mare<br><em>Pu\u0219ca\u0219 Gheorghe Darius<\/em>, Colegiul Na\u021bional \u201eLiviu Rebreanu\u201d, Bistri\u021ba<br><em>Vasil Sebastian<\/em>, Colegiul Na\u021bional \u201eIoan Slavici\u201d, Satu Mare<br><em>Trifa R\u0103zvan-Adrian<\/em>, Colegiul Na\u021bional \u201eEmanuil Gojdu&#8221;, Oradea<br><em>Ilie\u0219 Bogdan Ionu\u021b<\/em>, Colegiul Na\u021bional \u201eDrago\u0219 Vod\u0103\u201d, Sighetu Marma\u021biei<br><em>Pop Luca Alexandru<\/em>, Colegiul Na\u021bional \u201eGheorghe \u0218incai&#8221;, Baia Mare<br><em>Iacob Maria Teodora<\/em>, Colegiul Na\u021bional \u201eSilvania\u201d, Zal\u0103u<br><em>Coc Matei<\/em>, Colegiul Na\u021bional \u201eGheorghe \u0218incai&#8221;, Baia Mare<br><em>David Miruna Elena<\/em>, Colegiul Na\u021bional \u201eMihai Eminescu\u201d, Satu Mare<br><em>Cordo\u0219 Matei<\/em>, Colegiul Na\u021bional \u201eVasile Lucaciu&#8221;, Baia Mare<br><em>Boroica Radu<\/em>, Colegiul Na\u021bional \u201eGheorghe \u0218incai&#8221;, Baia Mare<br><em>Ivanic Razvan<\/em>, Colegiul Na\u021bional \u201eDrago\u0219 Vod\u0103\u201d, Sighetu Marma\u0163iei<br><em>Costin Antonia<\/em>, Colegiul Na\u021bional \u201eGheorghe \u0218incai&#8221;, Baia Mare<br><em>Rudics David<\/em>, Colegiul Na\u021bional \u201eVasile Lucaciu&#8221;, Baia Mare<br><em>Revnic Carina-Selena<\/em>, Colegiul Na\u021bional \u201eVasile Lucaciu&#8221;, Baia Mare<\/p>\n\n\n\n<h2 class=\"wp-block-heading\">Clasa a X-a<\/h2>\n\n\n\n<p><strong>Premiul I<\/strong><br><em>Petril\u0103 Eduard Andrei<\/em>, Colegiul Na\u021bional \u201eEmanuil Gojdu&#8221;, Oradea<br><strong>Premiul II<\/strong><br><em>Pop Liviu Dorel<\/em>, Colegiul Na\u021bional \u201eVasile Lucaciu&#8221;, Baia Mare<br><strong>Premiul III<br><\/strong><em>Pop-S\u0103van Carla<\/em>, Colegiul Na\u021bional \u201eVasile Lucaciu&#8221;, Baia Mare<br><strong>Men\u021biune<\/strong><br><em>Buhan Darius Matei<\/em>, Colegiul Na\u021bional \u201eVasile Lucaciu&#8221;, Baia Mare<br><em>Cionca M\u0103d\u0103lina<\/em>, Colegiul Na\u021bional \u201eVasile Lucaciu&#8221;, Baia Mare<br><em>Covrig Raul Alexandru<\/em>, Colegiul Na\u021bional \u201eDrago\u0219 Vod\u0103\u201d, Sighetu Marma\u021biei<br><strong>Men\u021biune Special\u0103<\/strong><br><em>Rad Viorela-Valentina<\/em>, Colegiul Na\u021bional \u201eSilvania\u201d, Zal\u0103u<br><em>Roman Alex Ioan<\/em>, Colegiul Na\u021bional \u201eMihai Eminescu\u201d, Satu Mare<br><em>Moldovan Bogdan<\/em>, Colegiul Na\u021bional \u201eAl Papiu Ilarian&#8221;, T\u00e2rgu Mure\u0219<br><em>Domu\u021b S. Alexandra<\/em>, Colegiul Na\u021bional \u201eMihai Eminescu\u201d, Satu Mare<br><em>Popan Flaviu C\u0103t\u0103lin<\/em>, Colegiul Na\u021bional \u201eGheorghe \u0218incai&#8221;, Baia Mare<\/p>\n\n\n\n<h2 class=\"wp-block-heading\">Clasa a XI-a<\/h2>\n\n\n\n<p><strong>Premiul I<\/strong><br><em>Drago\u0219 Victor<\/em>, Colegiul Na\u021bional \u201eVasile Lucaciu&#8221;, Baia Mare<br><strong>Premiul II<\/strong><br><em>Rad Solomon-Marcus<\/em>, Liceul Teoretic \u201eBogdan Vod\u0103&#8221;, Vi\u0219eu de Sus<br><strong>Premiul III<\/strong><br><em>Pintea Andrei Ionu\u021b<\/em>, Colegiul Na\u021bional \u201eIoan Slavici\u201d, Satu Mare<br><em>Paru\u0219 \u0218tefan<\/em>, Colegiul Na\u021bional \u201eEmil Racovi\u021b\u0103\u201d, Cluj-Napoca<br><em>Costin Tudor<\/em>, Colegiul Na\u021bional \u201eVasile Lucaciu&#8221;, Baia Mare<br><strong>Men\u021biune<\/strong><br><em>Sturz Miruna Cristiana<\/em>, Colegiul Na\u021bional \u201eEmanuil Gojdu&#8221;, Oradea<br><em>Chi\u0219 Alexandru<\/em>, Colegiul Na\u021bional \u201eEmil Racovi\u021b\u0103\u201d, Cluj-Napoca<br><em>Pop-Benovszky M.G. David<\/em>, Colegiul Na\u021bional \u201eMihai Eminescu\u201d, Satu Mare<br><strong>Men\u021biune Special\u0103<\/strong><br><em>Pruna\u0219 Bogdan<\/em>, Colegiul Na\u021bional \u201eMihai Eminescu\u201d, Satu Mare<br><em>Pop Cristian Vasile<\/em>, Colegiul Na\u021bional \u201eDrago\u0219 Vod\u0103\u201d, Sighetu Marma\u021biei<br><em>Barna Alexandru-Mihai<\/em>, Colegiul Na\u021bional \u201eSilvania\u201d, Zal\u0103u<br><em>T\u0103ma\u0219 Flavia<\/em>, Colegiul Na\u021bional \u201eVasile Lucaciu&#8221;, Baia Mare<br><em>Nagy David Kristof<\/em>, Colegiul Na\u021bional \u201eEmanuil Gojdu&#8221;, Oradea<br><em>Zetea Gabriel<\/em>, Colegiul Na\u021bional \u201eDrago\u0219 Vod\u0103\u201d, Sighetu Marma\u021biei<br><em>Mato\u0219an Sergiu Paul<\/em>, Colegiul Na\u021bional \u201eIoan Slavici\u201d, Satu Mare<br><em>Butuza Florin<\/em>, Colegiul Na\u021bional \u201eAl Papiu Ilarian&#8221;, T\u00e2rgu Mure\u0219<\/p>\n\n\n\n<h2 class=\"wp-block-heading\">Clasa a XII-a<\/h2>\n\n\n\n<p><strong>Premiul I<\/strong><br><em>Vaida \u0218erban-Andrei<\/em>, Colegiul Na\u021bional \u201eEmanuil Gojdu&#8221;, Oradea<br><strong>Premiul II<\/strong><br><em>Albu David Andrei<\/em>, Colegiul Na\u021bional \u201eAl Papiu Ilarian&#8221;, T\u00e2rgu Mure\u0219<br><strong>Premiul III<\/strong><br><em>Harn Daria-Lisa<\/em>, Colegiul Na\u021bional \u201eEmanuil Gojdu&#8221;, Oradea<br><strong>Men\u021biune<\/strong><br><em>Loga Patrik<\/em>, Colegiul Na\u021bional \u201eSilvania\u201d, Zal\u0103u<br><em>\u015eerban Radu<\/em>, Colegiul Na\u021bional \u201eUnirea&#8221;, T\u00e2rgu Mure\u0219<br><em>T\u0103ma\u0219 Andrei<\/em>, Colegiul Na\u021bional \u201eGheorghe \u0218incai&#8221;, Baia Mare<br><strong>Men\u021biune Special\u0103<\/strong><br><em>Pop Drago\u0219 Cristian<\/em>, Colegiul Na\u021bional \u201eVasile Lucaciu&#8221;, Baia Mare<br><em>Pop Tudor Andrei<\/em>, Colegiul Na\u021bional \u201eVasile Lucaciu&#8221;, Baia Mare<br><em>Breje Nora-Alexandra<\/em>, Colegiul Na\u021bional \u201eSilvania\u201d, Zal\u0103u<br><em>Nan Iulia Anamaria<\/em>, Colegiul Na\u021bional \u201eGheorghe \u0218incai&#8221;, Baia Mare<br><em>Barkoczi Edvin<\/em>, Colegiul Na\u021bional \u201eVasile Lucaciu&#8221;, Baia Mare<\/p>\n\n\n\n<hr class=\"wp-block-separator has-alpha-channel-opacity\"\/>\n\n\n\n<h2 class=\"wp-block-heading\">Subiecte \u0219i barem<\/h2>\n\n\n\n<p><strong>Clasa a IV-a<\/strong> <a href=\"https:\/\/ssmr.cunbm.utcluj.ro\/wp-content\/uploads\/2024\/11\/L04-Subiect_Labirint_2024_clasa-4.pdf\" target=\"_blank\" rel=\"noopener\" title=\"L04-Subiect_Labirint_2024_clasa-4\">Subiect <\/a>&amp; <a href=\"https:\/\/ssmr.cunbm.utcluj.ro\/wp-content\/uploads\/2024\/11\/S04-Solutii_Labirint_2024_clasa-4.pdf\" target=\"_blank\" rel=\"noopener\" title=\"S04-Solutii_Labirint_2024_clasa-4\">Barem<\/a><\/p>\n\n\n\n<p><strong>Clasa a V-a<\/strong> <a href=\"https:\/\/ssmr.cunbm.utcluj.ro\/wp-content\/uploads\/2024\/11\/L05-Subiect_Labirint_2024_clasa_5.pdf\" target=\"_blank\" rel=\"noopener\" title=\"L05-Subiect_Labirint_2024_clasa_5\">Subiect<\/a> &amp; <a href=\"https:\/\/ssmr.cunbm.utcluj.ro\/wp-content\/uploads\/2024\/11\/S05-Solutii_Labirint_2024_clasa-5.pdf\" target=\"_blank\" rel=\"noopener\" title=\"S05-Solutii_Labirint_2024_clasa-5\">Barem<\/a><\/p>\n\n\n\n<p><strong>Clasa a VI-a<\/strong> <a href=\"https:\/\/ssmr.cunbm.utcluj.ro\/wp-content\/uploads\/2024\/11\/S06-Solutii_Labirint_2024_clasa-6.docx\" target=\"_blank\" rel=\"noopener\" title=\"S06-Solutii_Labirint_2024_clasa-6\">Subiect<\/a> &amp; <a href=\"https:\/\/ssmr.cunbm.utcluj.ro\/wp-content\/uploads\/2024\/11\/S06-Solutii_Labirint_2024_clasa-6x.pdf\" target=\"_blank\" rel=\"noopener\" title=\"S06-Solutii_Labirint_2024_clasa-6x\">Barem<\/a><\/p>\n\n\n\n<p><strong>Clasa a VII-a<\/strong> <a href=\"https:\/\/ssmr.cunbm.utcluj.ro\/wp-content\/uploads\/2024\/11\/L07-Subiect_Labirint_2024_clasa_7a.pdf\" target=\"_blank\" rel=\"noopener\" title=\"L07-Subiect_Labirint_2024_clasa_7a\">Subiect<\/a> &amp; <a href=\"https:\/\/ssmr.cunbm.utcluj.ro\/wp-content\/uploads\/2024\/11\/S07-Solutii_Labirint_2024_clasa-7x.pdf\" target=\"_blank\" rel=\"noopener\" title=\"S07-Solutii_Labirint_2024_clasa-7x\">Barem<\/a><\/p>\n\n\n\n<p><strong>Clasa a VIII-a<\/strong> <a href=\"https:\/\/ssmr.cunbm.utcluj.ro\/wp-content\/uploads\/2024\/11\/L08-Subiect_Labirint_2024_clasa-8.pdf\" target=\"_blank\" rel=\"noopener\" title=\"L08-Subiect_Labirint_2024_clasa-8\">Subiect<\/a> &amp; <a href=\"https:\/\/ssmr.cunbm.utcluj.ro\/wp-content\/uploads\/2024\/11\/S08-Solutii_Labirint_2024_clasa-8.pdf\" target=\"_blank\" rel=\"noopener\" title=\"S08-Solutii_Labirint_2024_clasa-8\">Barem<\/a><\/p>\n\n\n\n<p><strong>Clasa a IX-a<\/strong> <a href=\"https:\/\/ssmr.cunbm.utcluj.ro\/wp-content\/uploads\/2024\/11\/L09-Subiect_Labirint_2024_clasa-9.pdf\" target=\"_blank\" rel=\"noopener\" title=\"L09-Subiect_Labirint_2024_clasa-9\">Subiect<\/a> &amp; <a href=\"https:\/\/ssmr.cunbm.utcluj.ro\/wp-content\/uploads\/2024\/11\/S09-Solutii_Labirint_2024_clasa-9.pdf\" target=\"_blank\" rel=\"noopener\" title=\"S09-Solutii_Labirint_2024_clasa-9\">Barem<\/a><\/p>\n\n\n\n<p><strong>Clasa a X-a<\/strong> <a href=\"https:\/\/ssmr.cunbm.utcluj.ro\/wp-content\/uploads\/2024\/11\/L10-Subiect_Labirint_2024_clasa-10.pdf\" target=\"_blank\" rel=\"noopener\" title=\"L10-Subiect_Labirint_2024_clasa-10\">Subiect<\/a> &amp; <a href=\"https:\/\/ssmr.cunbm.utcluj.ro\/wp-content\/uploads\/2024\/11\/S10-Solutii_Labirint_2024_clasa-10.pdf\" target=\"_blank\" rel=\"noopener\" title=\"S10-Solutii_Labirint_2024_clasa-10\">Barem<\/a><\/p>\n\n\n\n<p><strong>Clasa a XI-a<\/strong> <a href=\"https:\/\/ssmr.cunbm.utcluj.ro\/wp-content\/uploads\/2024\/11\/L11-Subiect_Labirint_2024_clasa-11.pdf\" target=\"_blank\" rel=\"noopener\" title=\"L11-Subiect_Labirint_2024_clasa-11\">Subiect <\/a>&amp; <a href=\"https:\/\/ssmr.cunbm.utcluj.ro\/wp-content\/uploads\/2024\/11\/S11-Solutii_Labirint_2024_clasa-11.pdf\" target=\"_blank\" rel=\"noopener\" title=\"S11-Solutii_Labirint_2024_clasa-11\">Barem<\/a><\/p>\n\n\n\n<p><strong>Clasa a XII-a<\/strong> <a href=\"https:\/\/ssmr.cunbm.utcluj.ro\/wp-content\/uploads\/2024\/11\/L12-Subiect_Labirint_2024_clasa-12.pdf\" target=\"_blank\" rel=\"noopener\" title=\"L12-Subiect_Labirint_2024_clasa-12\">Subiect<\/a> &amp; <a href=\"https:\/\/ssmr.cunbm.utcluj.ro\/wp-content\/uploads\/2024\/11\/S12-Solutii_Labirint_2024_clasa-12.pdf\" target=\"_blank\" rel=\"noopener\" title=\"S12-Solutii_Labirint_2024_clasa-12\">Barem<\/a><\/p>\n\n\n\n<hr class=\"wp-block-separator has-alpha-channel-opacity\"\/>\n\n\n\n<h2 class=\"wp-block-heading\" id=\"img_labirint_24\">Imagini<\/h2>\n\n\n\nngg_shortcode_0_placeholder\n\n\n\n<p><\/p>\n","protected":false},"excerpt":{"rendered":"<p>A XVII-a edi\u021bie a Concursului regional de matematic\u0103 \u201ePrin labirintul matematicii\u201d s-a desf\u0103\u0219urat la Colegiul Na\u021bional \u201eVasile Lucaciu\u201d din Baia Mare \u00een perioada 8-10 noiembrie 2024.&#46;&#46;&#46;<\/p>\n","protected":false},"author":1,"featured_media":147,"comment_status":"open","ping_status":"open","sticky":false,"template":"","format":"standard","meta":{"ngg_post_thumbnail":0,"footnotes":""},"categories":[12,1],"tags":[],"class_list":["post-723","post","type-post","status-publish","format-standard","has-post-thumbnail","hentry","category-concursuri","category-uncategorized"],"aioseo_notices":[],"_links":{"self":[{"href":"https:\/\/ssmr.cunbm.utcluj.ro\/index.php\/wp-json\/wp\/v2\/posts\/723","targetHints":{"allow":["GET"]}}],"collection":[{"href":"https:\/\/ssmr.cunbm.utcluj.ro\/index.php\/wp-json\/wp\/v2\/posts"}],"about":[{"href":"https:\/\/ssmr.cunbm.utcluj.ro\/index.php\/wp-json\/wp\/v2\/types\/post"}],"author":[{"embeddable":true,"href":"https:\/\/ssmr.cunbm.utcluj.ro\/index.php\/wp-json\/wp\/v2\/users\/1"}],"replies":[{"embeddable":true,"href":"https:\/\/ssmr.cunbm.utcluj.ro\/index.php\/wp-json\/wp\/v2\/comments?post=723"}],"version-history":[{"count":19,"href":"https:\/\/ssmr.cunbm.utcluj.ro\/index.php\/wp-json\/wp\/v2\/posts\/723\/revisions"}],"predecessor-version":[{"id":799,"href":"https:\/\/ssmr.cunbm.utcluj.ro\/index.php\/wp-json\/wp\/v2\/posts\/723\/revisions\/799"}],"wp:featuredmedia":[{"embeddable":true,"href":"https:\/\/ssmr.cunbm.utcluj.ro\/index.php\/wp-json\/wp\/v2\/media\/147"}],"wp:attachment":[{"href":"https:\/\/ssmr.cunbm.utcluj.ro\/index.php\/wp-json\/wp\/v2\/media?parent=723"}],"wp:term":[{"taxonomy":"category","embeddable":true,"href":"https:\/\/ssmr.cunbm.utcluj.ro\/index.php\/wp-json\/wp\/v2\/categories?post=723"},{"taxonomy":"post_tag","embeddable":true,"href":"https:\/\/ssmr.cunbm.utcluj.ro\/index.php\/wp-json\/wp\/v2\/tags?post=723"}],"curies":[{"name":"wp","href":"https:\/\/api.w.org\/{rel}","templated":true}]}}