{"id":953,"date":"2025-09-13T11:59:51","date_gmt":"2025-09-13T08:59:51","guid":{"rendered":"https:\/\/ssmr.cunbm.utcluj.ro\/?p=953"},"modified":"2025-09-13T16:06:40","modified_gmt":"2025-09-13T13:06:40","slug":"tabara-judeteana-concurs-pentru-elevii-olimpici-la-matematica-editia-a-xv-a","status":"publish","type":"post","link":"https:\/\/ssmr.cunbm.utcluj.ro\/index.php\/2025\/09\/13\/tabara-judeteana-concurs-pentru-elevii-olimpici-la-matematica-editia-a-xv-a\/","title":{"rendered":"Tab\u0103ra jude\u021bean\u0103-concurs pentru elevii olimpici la matematic\u0103 &#8211; edi\u021bia a XV-a"},"content":{"rendered":"\n<p>Liceul Teoretic \u201ePetru Rare\u0219\u201d din T\u00e2rgu L\u0103pu\u0219 g\u0103zduie\u0219te pentru al 7-lea an consecutiv una dintre cele mai prestigioase ini\u021biative educa\u021bionale din jude\u021bul Maramure\u0219: Tab\u0103ra jude\u021bean\u0103-concurs dedicat\u0103 elevilor olimpici la matematic\u0103, ajuns\u0103 la edi\u021bia cu num\u0103rul XV. La activit\u0103\u021bile taberei au participat 32 de elevi de top, selecta\u021bi \u00een urma rezultatelor remarcabile ob\u021binute la etapa jude\u021bean\u0103 a Olimpiadei Na\u021bionale de Matematic\u0103, al\u0103turi de ei fiind \u0219i 19 voluntari. Evenimentul este organizat de Inspectoratul \u0218colar Jude\u021bean Maramure\u0219, \u00een parteneriat cu Consiliul Jude\u021bean Maramure\u0219, Filiala Maramure\u0219 a S.S.M.R., Consiliul Local T\u00e2rgu L\u0103pu\u0219, Prim\u0103ria Ora\u0219ului T\u00e2rgu L\u0103pu\u0219 \u0219i Liceul Teoretic \u201ePetru Rare\u0219\u201d.<\/p>\n\n\n\n<hr class=\"wp-block-separator has-alpha-channel-opacity\"\/>\n\n\n\n<h1 class=\"wp-block-heading\">Subiecte<\/h1>\n\n\n\n<p>Clasa a VI-a (<a href=\"https:\/\/ssmr.cunbm.utcluj.ro\/wp-content\/uploads\/2025\/09\/subbarem-Tabara-judeteana_clasa_06_2025_listare.pdf\" target=\"_blank\" rel=\"noopener\" title=\"subbarem-Tabara-judeteana_clasa_06_2025_listare\">subiect<\/a>)<\/p>\n\n\n\n<p>Clasa a VII-a (<a href=\"https:\/\/ssmr.cunbm.utcluj.ro\/wp-content\/uploads\/2025\/09\/subbarem-Tabara-judeteana_clasa_07_2025_listare.pdf\" target=\"_blank\" rel=\"noopener\" title=\"subbarem-Tabara-judeteana_clasa_07_2025_listare\">subiect<\/a>)<\/p>\n\n\n\n<p>Clasa a VIII-a (<a href=\"https:\/\/ssmr.cunbm.utcluj.ro\/wp-content\/uploads\/2025\/09\/subbarem-Tabara-judeteana_clasa_08_2025_listare.pdf\" target=\"_blank\" rel=\"noopener\" title=\"subbarem-Tabara-judeteana_clasa_08_2025_listare\">subiect<\/a>)<\/p>\n\n\n\n<p>Clasa a IX-a (<a href=\"https:\/\/ssmr.cunbm.utcluj.ro\/wp-content\/uploads\/2025\/09\/subbarem-Tabara-judeteana_clasa_09_2025_listare.pdf\" target=\"_blank\" rel=\"noopener\" title=\"subbarem-Tabara-judeteana_clasa_09_2025_listare\">subiect<\/a>)<\/p>\n\n\n\n<p>Clasa a X-a (<a href=\"https:\/\/ssmr.cunbm.utcluj.ro\/wp-content\/uploads\/2025\/09\/subbarem-Tabara-judeteana_clasa_10_2025_listare.pdf\" target=\"_blank\" rel=\"noopener\" title=\"subbarem-Tabara-judeteana_clasa_10_2025_listare\">subiect<\/a>)<\/p>\n\n\n\n<p>Clasa a XI-a (<a href=\"https:\/\/ssmr.cunbm.utcluj.ro\/wp-content\/uploads\/2025\/09\/subbarem-Tabara-judeteana_clasa_11_2025_listare.pdf\" target=\"_blank\" rel=\"noopener\" title=\"subbarem-Tabara-judeteana_clasa_11_2025_listare\">subiect<\/a>)<\/p>\n\n\n\n<p>Clasa a XII-a (<a href=\"https:\/\/ssmr.cunbm.utcluj.ro\/wp-content\/uploads\/2025\/09\/subbarem-Tabara-judeteana_clasa_12_2025_listare.pdf\" target=\"_blank\" rel=\"noopener\" title=\"subbarem-Tabara-judeteana_clasa_12_2025_listare\">subiect<\/a>)<\/p>\n\n\n\n<hr class=\"wp-block-separator has-alpha-channel-opacity\"\/>\n\n\n\n<h1 class=\"wp-block-heading\">Lista premian\u021bilor<\/h1>\n\n\n\n<h2 class=\"wp-block-heading\">Clasa a VI-a<\/h2>\n\n\n\n<p><strong>Premiul de excelen\u021b\u0103:<\/strong> <em>Doru Manu<\/em>, Liceul Teoretic\u00a0\u201ePetru Rare\u0219\u201d T\u00e2rgu Lapu\u0219<\/p>\n\n\n\n<p><strong>Premiul III:<\/strong> <em>Mara Denisa Dan<\/em>, Colegiul Na\u021bional \u201eGheorghe \u0218incai\u201d Baia Mare<\/p>\n\n\n\n<p><strong>Men\u021biune:<\/strong> <em>Maia Bud<\/em>, Liceul Teoretic\u00a0\u201ePetru Rare\u0219\u201d T\u00e2rgu Lapu\u0219<\/p>\n\n\n\n<p><strong>Men\u021biune:<\/strong> <em>Irina Micu<\/em>, Liceul Teoretic\u00a0\u201ePetru Rare\u0219\u201d T\u00e2rgu Lapu\u0219<\/p>\n\n\n\n<h2 class=\"wp-block-heading\">Clasa a VII-a<\/h2>\n\n\n\n<p><strong>Premiul de excelen\u021b\u0103:<\/strong> <em>Cezar C\u0103l\u0103uz<\/em>, Colegiul Na\u021bional \u201eGheorghe \u0218incai\u201d Baia Mare<\/p>\n\n\n\n<p><strong>Premiul I:<\/strong> <em>Alisa Ioana Andreica<\/em>, Colegiul Na\u021bional \u201eVasile Lucaciu\u201d Baia Mare<\/p>\n\n\n\n<p><strong>Premiul II:<\/strong> <em>Alec Chira<\/em>, Colegiul Na\u021bional \u201eGheorghe \u0218incai\u201d Baia Mare<\/p>\n\n\n\n<p><strong>Premiul III:<\/strong> <em>Noemi Molnar<\/em>, Liceul Teoretic\u00a0\u201ePetru Rare\u0219\u201d T\u00e2rgu Lapu\u0219<\/p>\n\n\n\n<h2 class=\"wp-block-heading\">Clasa a VIII-a<\/h2>\n\n\n\n<p><strong>Premiul de excelen\u021b\u0103:<\/strong> <em>Matei David Paul<\/em>, Colegiul Na\u021bional \u201eVasile Lucaciu\u201d Baia Mare<\/p>\n\n\n\n<p><strong>Premiul III:<\/strong> <em>Tudor Berszan<\/em>, \u0218coala Gimnazial\u0103 \u201eGeorge Co\u0219buc\u201d Sighetu Marma\u021biei<\/p>\n\n\n\n<p><strong>Premiul III:<\/strong> <em>Maria Butean<\/em>, Colegiul Na\u021bional \u201eVasile Lucaciu\u201d Baia Mare<\/p>\n\n\n\n<h2 class=\"wp-block-heading\">Clasa a IX-a<\/h2>\n\n\n\n<p><strong>Premiul de excelen\u021b\u0103:<\/strong> <em>David Zlampare\u021b<\/em>, Colegiul Na\u021bional \u201eGheorghe \u0218incai\u201d Baia Mare<\/p>\n\n\n\n<p><strong>Premiul II:<\/strong> <em>David Hotea<\/em>, Colegiul Na\u021bional \u201eGheorghe \u0218incai\u201d Baia Mare<\/p>\n\n\n\n<p><strong>Premiul III:<\/strong> <em>Ariana Rus-Bucur<\/em>, Colegiul Na\u021bional \u201eGheorghe \u0218incai\u201d Baia Mare<\/p>\n\n\n\n<h2 class=\"wp-block-heading\">Clasa a X-a<\/h2>\n\n\n\n<p><strong>Premiul de excelen\u021b\u0103:<\/strong> <em>Cristian-Luca Chira<\/em>, Colegiul Na\u021bional \u201eGheorghe \u0218incai\u201d Baia Mare<\/p>\n\n\n\n<p><strong>Premiul I:<\/strong> <em>Silviu Mihai \u021aical\u0103<\/em>, Colegiul Na\u021bional \u201eGheorghe \u0218incai\u201d Baia Mare<\/p>\n\n\n\n<p><strong>Premiul II:<\/strong> <em>Luca Topan<\/em>, Colegiul Na\u021bional \u201eVasile Lucaciu\u201d Baia Mare<\/p>\n\n\n\n<p><strong>Premiul III:<\/strong> <em>David Norbert V\u0103lean<\/em>, Colegiul Na\u021bional \u201eGheorghe \u0218incai\u201d Baia Mare<\/p>\n\n\n\n<h2 class=\"wp-block-heading\">Clasa a XI-a<\/h2>\n\n\n\n<p><strong>Premiul de excelen\u021b\u0103:<\/strong> <em>Flaviu C\u0103t\u0103lin Popan<\/em>, Colegiul Na\u021bional \u201eGheorghe \u0218incai\u201d Baia Mare<\/p>\n\n\n\n<p><strong>Premiul I:<\/strong> <em>David Alexandru Laz\u0103r<\/em>, Colegiul Na\u021bional \u201eGheorghe \u0218incai\u201d Baia Mare<\/p>\n\n\n\n<p><strong>Premiul II:<\/strong> <em>Liviu Dorel Pop<\/em>, Colegiul Na\u021bional \u201eVasile Lucaciu\u201d Baia Mare<\/p>\n\n\n\n<p><strong>Premiul III:<\/strong> <em>Carla Pop-S\u0103van<\/em>, Colegiul Na\u021bional \u201eVasile Lucaciu\u201d Baia Mare<\/p>\n\n\n\n<p><strong>Men\u021biune:<\/strong> <em>Andrei Pop<\/em>, Liceul Teoretic\u00a0\u201ePetru Rare\u0219\u201d T\u00e2rgu Lapu\u0219<\/p>\n\n\n\n<h2 class=\"wp-block-heading\">Clasa a XII-a<\/h2>\n\n\n\n<p><strong>Premiul de excelen\u021b\u0103:<\/strong> <em>Solomon-Marcus Rad<\/em>, Liceul Teoretic \u201eBogdan Vod\u0103\u201d Vi\u0219eu<\/p>\n\n\n\n<p><strong>Premiul I:<\/strong> <em>Cristian Pop<\/em>, Colegiul Na\u021bional \u201eDrago\u0219-Vod\u0103\u201d Sighetu Marma\u021biei <\/p>\n\n\n\n<p><strong>Premiul II:<\/strong> <em>Gabriel Zetea<\/em>, Colegiul Na\u021bional \u201eDrago\u0219-Vod\u0103\u201d Sighetu Marma\u021biei<\/p>\n\n\n\n<p><strong>Premiul III:<\/strong> <em>Sefora Pop<\/em>, Liceul Teoretic\u00a0\u201ePetru Rare\u0219\u201d T\u00e2rgu Lapu\u0219<\/p>\n\n\n\n<hr class=\"wp-block-separator has-alpha-channel-opacity\"\/>\n\n\n\n<p>Imaginea \u00een mass-media <a href=\"https:\/\/www.directmm.ro\/comunitate\/invatamant\/liceul-petru-rares-targu-lapus-gazduieste-tabara-judeteana-concurs-dedicata-elevilor-olimpici-la-matematica\/\" target=\"_blank\" rel=\"noopener\" title=\"\">link1<\/a>.<\/p>\n\n\n\n<hr class=\"wp-block-separator has-alpha-channel-opacity\"\/>\n\n\n\n<figure class=\"wp-block-gallery has-nested-images columns-default is-cropped wp-block-gallery-1 is-layout-flex wp-block-gallery-is-layout-flex\">\n<figure class=\"wp-block-image size-large\"><img loading=\"lazy\" decoding=\"async\" width=\"1024\" height=\"768\" data-id=\"998\" src=\"https:\/\/ssmr.cunbm.utcluj.ro\/wp-content\/uploads\/2025\/09\/IMG-20250904-WA0007-1024x768.jpg\" alt=\"\" class=\"wp-image-998\" srcset=\"https:\/\/ssmr.cunbm.utcluj.ro\/wp-content\/uploads\/2025\/09\/IMG-20250904-WA0007-1024x768.jpg 1024w, https:\/\/ssmr.cunbm.utcluj.ro\/wp-content\/uploads\/2025\/09\/IMG-20250904-WA0007-300x225.jpg 300w, https:\/\/ssmr.cunbm.utcluj.ro\/wp-content\/uploads\/2025\/09\/IMG-20250904-WA0007-768x576.jpg 768w, https:\/\/ssmr.cunbm.utcluj.ro\/wp-content\/uploads\/2025\/09\/IMG-20250904-WA0007-1536x1152.jpg 1536w, https:\/\/ssmr.cunbm.utcluj.ro\/wp-content\/uploads\/2025\/09\/IMG-20250904-WA0007.jpg 1600w\" sizes=\"auto, (max-width: 1024px) 100vw, 1024px\" \/><\/figure>\n\n\n\n<figure class=\"wp-block-image size-large\"><img loading=\"lazy\" decoding=\"async\" width=\"1024\" height=\"768\" data-id=\"999\" src=\"https:\/\/ssmr.cunbm.utcluj.ro\/wp-content\/uploads\/2025\/09\/IMG-20250904-WA0015-1024x768.jpg\" alt=\"\" class=\"wp-image-999\" srcset=\"https:\/\/ssmr.cunbm.utcluj.ro\/wp-content\/uploads\/2025\/09\/IMG-20250904-WA0015-1024x768.jpg 1024w, https:\/\/ssmr.cunbm.utcluj.ro\/wp-content\/uploads\/2025\/09\/IMG-20250904-WA0015-300x225.jpg 300w, https:\/\/ssmr.cunbm.utcluj.ro\/wp-content\/uploads\/2025\/09\/IMG-20250904-WA0015-768x576.jpg 768w, https:\/\/ssmr.cunbm.utcluj.ro\/wp-content\/uploads\/2025\/09\/IMG-20250904-WA0015-1536x1152.jpg 1536w, https:\/\/ssmr.cunbm.utcluj.ro\/wp-content\/uploads\/2025\/09\/IMG-20250904-WA0015.jpg 1600w\" sizes=\"auto, (max-width: 1024px) 100vw, 1024px\" \/><\/figure>\n\n\n\n<figure class=\"wp-block-image size-large\"><img loading=\"lazy\" decoding=\"async\" width=\"1024\" height=\"768\" data-id=\"996\" src=\"https:\/\/ssmr.cunbm.utcluj.ro\/wp-content\/uploads\/2025\/09\/IMG-20250904-WA0022-1024x768.jpg\" alt=\"\" class=\"wp-image-996\" srcset=\"https:\/\/ssmr.cunbm.utcluj.ro\/wp-content\/uploads\/2025\/09\/IMG-20250904-WA0022-1024x768.jpg 1024w, https:\/\/ssmr.cunbm.utcluj.ro\/wp-content\/uploads\/2025\/09\/IMG-20250904-WA0022-300x225.jpg 300w, https:\/\/ssmr.cunbm.utcluj.ro\/wp-content\/uploads\/2025\/09\/IMG-20250904-WA0022-768x576.jpg 768w, https:\/\/ssmr.cunbm.utcluj.ro\/wp-content\/uploads\/2025\/09\/IMG-20250904-WA0022-1536x1152.jpg 1536w, https:\/\/ssmr.cunbm.utcluj.ro\/wp-content\/uploads\/2025\/09\/IMG-20250904-WA0022.jpg 1600w\" sizes=\"auto, (max-width: 1024px) 100vw, 1024px\" \/><\/figure>\n<\/figure>\n\n\n\n<figure class=\"wp-block-image size-large\"><img loading=\"lazy\" decoding=\"async\" width=\"1024\" height=\"706\" src=\"https:\/\/ssmr.cunbm.utcluj.ro\/wp-content\/uploads\/2025\/09\/IMG-20250902-WA0035-1024x706.jpg\" alt=\"\" class=\"wp-image-997\" srcset=\"https:\/\/ssmr.cunbm.utcluj.ro\/wp-content\/uploads\/2025\/09\/IMG-20250902-WA0035-1024x706.jpg 1024w, https:\/\/ssmr.cunbm.utcluj.ro\/wp-content\/uploads\/2025\/09\/IMG-20250902-WA0035-300x207.jpg 300w, https:\/\/ssmr.cunbm.utcluj.ro\/wp-content\/uploads\/2025\/09\/IMG-20250902-WA0035-768x530.jpg 768w, https:\/\/ssmr.cunbm.utcluj.ro\/wp-content\/uploads\/2025\/09\/IMG-20250902-WA0035-1536x1059.jpg 1536w, https:\/\/ssmr.cunbm.utcluj.ro\/wp-content\/uploads\/2025\/09\/IMG-20250902-WA0035.jpg 2048w\" sizes=\"auto, (max-width: 1024px) 100vw, 1024px\" \/><\/figure>\n","protected":false},"excerpt":{"rendered":"<p>Liceul Teoretic \u201ePetru Rare\u0219\u201d din T\u00e2rgu L\u0103pu\u0219 g\u0103zduie\u0219te pentru al 7-lea an consecutiv una dintre cele mai prestigioase ini\u021biative educa\u021bionale din jude\u021bul Maramure\u0219: Tab\u0103ra jude\u021bean\u0103-concurs dedicat\u0103&#46;&#46;&#46;<\/p>\n","protected":false},"author":1,"featured_media":0,"comment_status":"closed","ping_status":"open","sticky":false,"template":"","format":"standard","meta":{"ngg_post_thumbnail":0,"footnotes":""},"categories":[12],"tags":[],"class_list":["post-953","post","type-post","status-publish","format-standard","hentry","category-concursuri"],"aioseo_notices":[],"_links":{"self":[{"href":"https:\/\/ssmr.cunbm.utcluj.ro\/index.php\/wp-json\/wp\/v2\/posts\/953","targetHints":{"allow":["GET"]}}],"collection":[{"href":"https:\/\/ssmr.cunbm.utcluj.ro\/index.php\/wp-json\/wp\/v2\/posts"}],"about":[{"href":"https:\/\/ssmr.cunbm.utcluj.ro\/index.php\/wp-json\/wp\/v2\/types\/post"}],"author":[{"embeddable":true,"href":"https:\/\/ssmr.cunbm.utcluj.ro\/index.php\/wp-json\/wp\/v2\/users\/1"}],"replies":[{"embeddable":true,"href":"https:\/\/ssmr.cunbm.utcluj.ro\/index.php\/wp-json\/wp\/v2\/comments?post=953"}],"version-history":[{"count":33,"href":"https:\/\/ssmr.cunbm.utcluj.ro\/index.php\/wp-json\/wp\/v2\/posts\/953\/revisions"}],"predecessor-version":[{"id":1007,"href":"https:\/\/ssmr.cunbm.utcluj.ro\/index.php\/wp-json\/wp\/v2\/posts\/953\/revisions\/1007"}],"wp:attachment":[{"href":"https:\/\/ssmr.cunbm.utcluj.ro\/index.php\/wp-json\/wp\/v2\/media?parent=953"}],"wp:term":[{"taxonomy":"category","embeddable":true,"href":"https:\/\/ssmr.cunbm.utcluj.ro\/index.php\/wp-json\/wp\/v2\/categories?post=953"},{"taxonomy":"post_tag","embeddable":true,"href":"https:\/\/ssmr.cunbm.utcluj.ro\/index.php\/wp-json\/wp\/v2\/tags?post=953"}],"curies":[{"name":"wp","href":"https:\/\/api.w.org\/{rel}","templated":true}]}}